{"id":4253,"date":"2012-11-07T15:54:15","date_gmt":"2012-11-07T18:54:15","guid":{"rendered":"http:\/\/www.viamais.net\/blog\/?p=4253"},"modified":"2012-11-07T11:56:44","modified_gmt":"2012-11-07T14:56:44","slug":"a-farsa-da-black-friday","status":"publish","type":"post","link":"http:\/\/www.viamais.net\/blog\/a-farsa-da-black-friday\/","title":{"rendered":"A farsa da Black Friday"},"content":{"rendered":"<p>[ad#texto]<\/p>\n<p>No ano passado o <a title=\"Dia do frete zero\" href=\"http:\/\/www.viamais.net\/blog\/dia-do-frete-zero\/\" target=\"_blank\"><strong>Black Friday<\/strong><\/a> foi desmascarado, e de uma boa promo\u00e7\u00e3o passou a ser apenas um artefato de marketing para enrolar clientes e o pior, as grandes redes de varejo mentiam para simular baixas expressivas de pre\u00e7os e instigar o cliente a realizar a compra.<\/p>\n<p>Para quem ainda n\u00e3o sabe, o <strong>Black Friday<\/strong> \u00e9 uma grande promo\u00e7\u00e3o dos EUA, onde as lojas supostamente abaixam os pre\u00e7os para limpar os estoques e estimular o consumo e no Brasil, principalmente no ano passado a data foi adotada pelo <strong>e-commerce<\/strong>.<\/p>\n<p>Ocorre que, no ano passado foi notado que dois dias antes do <strong>Black Friday<\/strong> todo o e-commerce brasileiro subiu subitamente os pre\u00e7os e no dia do <strong>Black Friday<\/strong> houve a baixa usual de pre\u00e7os desta promo\u00e7\u00e3o, voltando ent\u00e3o os pre\u00e7os originais do produto, ou seja, era uma <strong>promo\u00e7\u00e3o<\/strong> onde o cliente comprava pelo mesmo pre\u00e7o.<\/p>\n<p>Como estamos ha duas semanas do <strong>Black Friday<\/strong>, espero que os clientes estejam mais espertos e caso estejam planejando realizar compras, pesquisem seus pre\u00e7os agora e anotem para ent\u00e3o depois comparar com os pre\u00e7os do <strong>Black Friday<\/strong> e ver realmente o que compensa e fica a dica para o <strong>PROCON<\/strong> e demais \u00f3rg\u00e3os de prote\u00e7\u00e3o \u00e0 economia, esta manobra realizada no ano passado \u00e9 o mesmo que o artigo 171 do c\u00f3digo penal \u00e9 crime, pois atrav\u00e9s de uma mentira lesa o consumidor, \u00e9 bom que isso seja monitorado e caso alguma loja on-line tenha esta <em>\u201cbrilhante\u201d<\/em> ideia seja punida com o rigor da lei.<\/p>\n<p>O <strong>Black Friday<\/strong> no Brasil \u00e9 uma data que no ano passado representou um bom motivo para a compra de produtos eletr\u00f4nicos e gadgets, resumindo, muitos aproveitaram a data para comprar seus equipamentos e presentes.<\/p>\n","protected":false},"excerpt":{"rendered":"<p>[ad#texto] No ano passado o Black Friday foi desmascarado, e de uma boa promo\u00e7\u00e3o passou<\/p>\n","protected":false},"author":2,"featured_media":0,"comment_status":"open","ping_status":"open","sticky":false,"template":"","format":"standard","meta":{"jetpack_post_was_ever_published":false,"_jetpack_newsletter_access":"","_jetpack_dont_email_post_to_subs":false,"_jetpack_newsletter_tier_id":0,"_jetpack_memberships_contains_paywalled_content":false,"_jetpack_memberships_contains_paid_content":false,"footnotes":"","jetpack_publicize_message":"","jetpack_publicize_feature_enabled":true,"jetpack_social_post_already_shared":false,"jetpack_social_options":{"image_generator_settings":{"template":"highway","default_image_id":0,"font":"","enabled":false},"version":2}},"categories":[3],"tags":[73,28],"class_list":["post-4253","post","type-post","status-publish","format-standard","hentry","category-clientes","tag-clientes","tag-internet"],"yoast_head":"<!-- This site is optimized with the Yoast SEO plugin v27.5 - https:\/\/yoast.com\/product\/yoast-seo-wordpress\/ -->\n<title>A farsa da Black Friday -<\/title>\n<meta name=\"robots\" content=\"index, follow, max-snippet:-1, max-image-preview:large, max-video-preview:-1\" \/>\n<link rel=\"canonical\" href=\"https:\/\/www.viamais.net\/blog\/a-farsa-da-black-friday\/\" \/>\n<meta property=\"og:locale\" content=\"pt_BR\" \/>\n<meta property=\"og:type\" content=\"article\" \/>\n<meta property=\"og:title\" content=\"A farsa da Black Friday -\" \/>\n<meta property=\"og:description\" content=\"[ad#texto] No ano passado o Black Friday foi desmascarado, e de uma boa promo\u00e7\u00e3o passou\" \/>\n<meta property=\"og:url\" content=\"https:\/\/www.viamais.net\/blog\/a-farsa-da-black-friday\/\" \/>\n<meta property=\"og:site_name\" content=\"ViamaisBLOG\" \/>\n<meta property=\"article:publisher\" content=\"https:\/\/www.facebook.com\/viamais.viablog\" \/>\n<meta property=\"article:author\" content=\"https:\/\/www.facebook.com\/viamais.viablog\" \/>\n<meta property=\"article:published_time\" content=\"2012-11-07T18:54:15+00:00\" \/>\n<meta name=\"author\" content=\"Petter Rafael\" \/>\n<meta name=\"twitter:card\" content=\"summary_large_image\" \/>\n<meta name=\"twitter:creator\" content=\"@petterrafael\" \/>\n<meta name=\"twitter:site\" content=\"@petterrafael\" \/>\n<meta name=\"twitter:label1\" content=\"Escrito por\" \/>\n\t<meta name=\"twitter:data1\" content=\"Petter Rafael\" \/>\n\t<meta name=\"twitter:label2\" content=\"Est. tempo de leitura\" \/>\n\t<meta name=\"twitter:data2\" content=\"1 minuto\" \/>\n<script type=\"application\/ld+json\" class=\"yoast-schema-graph\">{\"@context\":\"https:\\\/\\\/schema.org\",\"@graph\":[{\"@type\":\"Article\",\"@id\":\"https:\\\/\\\/www.viamais.net\\\/blog\\\/a-farsa-da-black-friday\\\/#article\",\"isPartOf\":{\"@id\":\"https:\\\/\\\/www.viamais.net\\\/blog\\\/a-farsa-da-black-friday\\\/\"},\"author\":{\"name\":\"Petter Rafael\",\"@id\":\"https:\\\/\\\/www.viamais.net\\\/blog\\\/#\\\/schema\\\/person\\\/a13697c83eb9e9fe998636b42c020ec2\"},\"headline\":\"A farsa da Black Friday\",\"datePublished\":\"2012-11-07T18:54:15+00:00\",\"mainEntityOfPage\":{\"@id\":\"https:\\\/\\\/www.viamais.net\\\/blog\\\/a-farsa-da-black-friday\\\/\"},\"wordCount\":304,\"commentCount\":9,\"publisher\":{\"@id\":\"https:\\\/\\\/www.viamais.net\\\/blog\\\/#organization\"},\"keywords\":[\"Clientes\",\"internet\"],\"articleSection\":[\"Clientes\"],\"inLanguage\":\"pt-BR\",\"potentialAction\":[{\"@type\":\"CommentAction\",\"name\":\"Comment\",\"target\":[\"https:\\\/\\\/www.viamais.net\\\/blog\\\/a-farsa-da-black-friday\\\/#respond\"]}]},{\"@type\":\"WebPage\",\"@id\":\"https:\\\/\\\/www.viamais.net\\\/blog\\\/a-farsa-da-black-friday\\\/\",\"url\":\"https:\\\/\\\/www.viamais.net\\\/blog\\\/a-farsa-da-black-friday\\\/\",\"name\":\"A farsa da Black Friday -\",\"isPartOf\":{\"@id\":\"https:\\\/\\\/www.viamais.net\\\/blog\\\/#website\"},\"datePublished\":\"2012-11-07T18:54:15+00:00\",\"breadcrumb\":{\"@id\":\"https:\\\/\\\/www.viamais.net\\\/blog\\\/a-farsa-da-black-friday\\\/#breadcrumb\"},\"inLanguage\":\"pt-BR\",\"potentialAction\":[{\"@type\":\"ReadAction\",\"target\":[\"https:\\\/\\\/www.viamais.net\\\/blog\\\/a-farsa-da-black-friday\\\/\"]}]},{\"@type\":\"BreadcrumbList\",\"@id\":\"https:\\\/\\\/www.viamais.net\\\/blog\\\/a-farsa-da-black-friday\\\/#breadcrumb\",\"itemListElement\":[{\"@type\":\"ListItem\",\"position\":1,\"name\":\"In\u00edcio\",\"item\":\"https:\\\/\\\/www.viamais.net\\\/blog\\\/\"},{\"@type\":\"ListItem\",\"position\":2,\"name\":\"Clientes\",\"item\":\"https:\\\/\\\/www.viamais.net\\\/blog\\\/category\\\/clientes\\\/\"},{\"@type\":\"ListItem\",\"position\":3,\"name\":\"A farsa da Black Friday\"}]},{\"@type\":\"WebSite\",\"@id\":\"https:\\\/\\\/www.viamais.net\\\/blog\\\/#website\",\"url\":\"https:\\\/\\\/www.viamais.net\\\/blog\\\/\",\"name\":\"ViamaisBLOG\",\"description\":\"Blog de tecnologia com dicas para melhorar sua internet e as novidades de gadgets e aplicativos.\",\"publisher\":{\"@id\":\"https:\\\/\\\/www.viamais.net\\\/blog\\\/#organization\"},\"potentialAction\":[{\"@type\":\"SearchAction\",\"target\":{\"@type\":\"EntryPoint\",\"urlTemplate\":\"https:\\\/\\\/www.viamais.net\\\/blog\\\/?s={search_term_string}\"},\"query-input\":{\"@type\":\"PropertyValueSpecification\",\"valueRequired\":true,\"valueName\":\"search_term_string\"}}],\"inLanguage\":\"pt-BR\"},{\"@type\":\"Organization\",\"@id\":\"https:\\\/\\\/www.viamais.net\\\/blog\\\/#organization\",\"name\":\"Viablog\",\"url\":\"https:\\\/\\\/www.viamais.net\\\/blog\\\/\",\"logo\":{\"@type\":\"ImageObject\",\"inLanguage\":\"pt-BR\",\"@id\":\"https:\\\/\\\/www.viamais.net\\\/blog\\\/#\\\/schema\\\/logo\\\/image\\\/\",\"url\":\"https:\\\/\\\/i0.wp.com\\\/www.viamais.net\\\/blog\\\/wp-content\\\/uploads\\\/2014\\\/10\\\/logo_viamais.png?fit=150%2C150&ssl=1\",\"contentUrl\":\"https:\\\/\\\/i0.wp.com\\\/www.viamais.net\\\/blog\\\/wp-content\\\/uploads\\\/2014\\\/10\\\/logo_viamais.png?fit=150%2C150&ssl=1\",\"width\":150,\"height\":150,\"caption\":\"Viablog\"},\"image\":{\"@id\":\"https:\\\/\\\/www.viamais.net\\\/blog\\\/#\\\/schema\\\/logo\\\/image\\\/\"},\"sameAs\":[\"https:\\\/\\\/www.facebook.com\\\/viamais.viablog\",\"https:\\\/\\\/x.com\\\/petterrafael\"]},{\"@type\":\"Person\",\"@id\":\"https:\\\/\\\/www.viamais.net\\\/blog\\\/#\\\/schema\\\/person\\\/a13697c83eb9e9fe998636b42c020ec2\",\"name\":\"Petter Rafael\",\"image\":{\"@type\":\"ImageObject\",\"inLanguage\":\"pt-BR\",\"@id\":\"https:\\\/\\\/secure.gravatar.com\\\/avatar\\\/ec1d50795aefe5170d97a2816386714d30fce28bcb746631048cc673d70f8443?s=96&d=identicon&r=g\",\"url\":\"https:\\\/\\\/secure.gravatar.com\\\/avatar\\\/ec1d50795aefe5170d97a2816386714d30fce28bcb746631048cc673d70f8443?s=96&d=identicon&r=g\",\"contentUrl\":\"https:\\\/\\\/secure.gravatar.com\\\/avatar\\\/ec1d50795aefe5170d97a2816386714d30fce28bcb746631048cc673d70f8443?s=96&d=identicon&r=g\",\"caption\":\"Petter Rafael\"},\"description\":\"Desenvolvedor Web atua com as tecnologias Java e PHP apoiadas pelos bancos de dados Oracle e MySQL. Al\u00e9m dos ambientes de desenvolvimento acima possuiu amplo conhecimento em servidores Apache\\\/Tomcat, Photoshop, Arte &amp; Foto, Flash e mais uma dezena de ferramentas e tecnologias emergentes. Atualmente colabora com o Viablog escrevendo sobre programa\u00e7\u00e3o e tecnologia.\",\"sameAs\":[\"http:\\\/\\\/www.viamais.net\\\/blog\",\"https:\\\/\\\/www.facebook.com\\\/viamais.viablog\"],\"url\":\"http:\\\/\\\/www.viamais.net\\\/blog\\\/author\\\/petterrafael\\\/\"}]}<\/script>\n<!-- \/ Yoast SEO plugin. -->","yoast_head_json":{"title":"A farsa da Black Friday -","robots":{"index":"index","follow":"follow","max-snippet":"max-snippet:-1","max-image-preview":"max-image-preview:large","max-video-preview":"max-video-preview:-1"},"canonical":"https:\/\/www.viamais.net\/blog\/a-farsa-da-black-friday\/","og_locale":"pt_BR","og_type":"article","og_title":"A farsa da Black Friday -","og_description":"[ad#texto] No ano passado o Black Friday foi desmascarado, e de uma boa promo\u00e7\u00e3o passou","og_url":"https:\/\/www.viamais.net\/blog\/a-farsa-da-black-friday\/","og_site_name":"ViamaisBLOG","article_publisher":"https:\/\/www.facebook.com\/viamais.viablog","article_author":"https:\/\/www.facebook.com\/viamais.viablog","article_published_time":"2012-11-07T18:54:15+00:00","author":"Petter Rafael","twitter_card":"summary_large_image","twitter_creator":"@petterrafael","twitter_site":"@petterrafael","twitter_misc":{"Escrito por":"Petter Rafael","Est. tempo de leitura":"1 minuto"},"schema":{"@context":"https:\/\/schema.org","@graph":[{"@type":"Article","@id":"https:\/\/www.viamais.net\/blog\/a-farsa-da-black-friday\/#article","isPartOf":{"@id":"https:\/\/www.viamais.net\/blog\/a-farsa-da-black-friday\/"},"author":{"name":"Petter Rafael","@id":"https:\/\/www.viamais.net\/blog\/#\/schema\/person\/a13697c83eb9e9fe998636b42c020ec2"},"headline":"A farsa da Black Friday","datePublished":"2012-11-07T18:54:15+00:00","mainEntityOfPage":{"@id":"https:\/\/www.viamais.net\/blog\/a-farsa-da-black-friday\/"},"wordCount":304,"commentCount":9,"publisher":{"@id":"https:\/\/www.viamais.net\/blog\/#organization"},"keywords":["Clientes","internet"],"articleSection":["Clientes"],"inLanguage":"pt-BR","potentialAction":[{"@type":"CommentAction","name":"Comment","target":["https:\/\/www.viamais.net\/blog\/a-farsa-da-black-friday\/#respond"]}]},{"@type":"WebPage","@id":"https:\/\/www.viamais.net\/blog\/a-farsa-da-black-friday\/","url":"https:\/\/www.viamais.net\/blog\/a-farsa-da-black-friday\/","name":"A farsa da Black Friday -","isPartOf":{"@id":"https:\/\/www.viamais.net\/blog\/#website"},"datePublished":"2012-11-07T18:54:15+00:00","breadcrumb":{"@id":"https:\/\/www.viamais.net\/blog\/a-farsa-da-black-friday\/#breadcrumb"},"inLanguage":"pt-BR","potentialAction":[{"@type":"ReadAction","target":["https:\/\/www.viamais.net\/blog\/a-farsa-da-black-friday\/"]}]},{"@type":"BreadcrumbList","@id":"https:\/\/www.viamais.net\/blog\/a-farsa-da-black-friday\/#breadcrumb","itemListElement":[{"@type":"ListItem","position":1,"name":"In\u00edcio","item":"https:\/\/www.viamais.net\/blog\/"},{"@type":"ListItem","position":2,"name":"Clientes","item":"https:\/\/www.viamais.net\/blog\/category\/clientes\/"},{"@type":"ListItem","position":3,"name":"A farsa da Black Friday"}]},{"@type":"WebSite","@id":"https:\/\/www.viamais.net\/blog\/#website","url":"https:\/\/www.viamais.net\/blog\/","name":"ViamaisBLOG","description":"Blog de tecnologia com dicas para melhorar sua internet e as novidades de gadgets e aplicativos.","publisher":{"@id":"https:\/\/www.viamais.net\/blog\/#organization"},"potentialAction":[{"@type":"SearchAction","target":{"@type":"EntryPoint","urlTemplate":"https:\/\/www.viamais.net\/blog\/?s={search_term_string}"},"query-input":{"@type":"PropertyValueSpecification","valueRequired":true,"valueName":"search_term_string"}}],"inLanguage":"pt-BR"},{"@type":"Organization","@id":"https:\/\/www.viamais.net\/blog\/#organization","name":"Viablog","url":"https:\/\/www.viamais.net\/blog\/","logo":{"@type":"ImageObject","inLanguage":"pt-BR","@id":"https:\/\/www.viamais.net\/blog\/#\/schema\/logo\/image\/","url":"https:\/\/i0.wp.com\/www.viamais.net\/blog\/wp-content\/uploads\/2014\/10\/logo_viamais.png?fit=150%2C150&ssl=1","contentUrl":"https:\/\/i0.wp.com\/www.viamais.net\/blog\/wp-content\/uploads\/2014\/10\/logo_viamais.png?fit=150%2C150&ssl=1","width":150,"height":150,"caption":"Viablog"},"image":{"@id":"https:\/\/www.viamais.net\/blog\/#\/schema\/logo\/image\/"},"sameAs":["https:\/\/www.facebook.com\/viamais.viablog","https:\/\/x.com\/petterrafael"]},{"@type":"Person","@id":"https:\/\/www.viamais.net\/blog\/#\/schema\/person\/a13697c83eb9e9fe998636b42c020ec2","name":"Petter Rafael","image":{"@type":"ImageObject","inLanguage":"pt-BR","@id":"https:\/\/secure.gravatar.com\/avatar\/ec1d50795aefe5170d97a2816386714d30fce28bcb746631048cc673d70f8443?s=96&d=identicon&r=g","url":"https:\/\/secure.gravatar.com\/avatar\/ec1d50795aefe5170d97a2816386714d30fce28bcb746631048cc673d70f8443?s=96&d=identicon&r=g","contentUrl":"https:\/\/secure.gravatar.com\/avatar\/ec1d50795aefe5170d97a2816386714d30fce28bcb746631048cc673d70f8443?s=96&d=identicon&r=g","caption":"Petter Rafael"},"description":"Desenvolvedor Web atua com as tecnologias Java e PHP apoiadas pelos bancos de dados Oracle e MySQL. Al\u00e9m dos ambientes de desenvolvimento acima possuiu amplo conhecimento em servidores Apache\/Tomcat, Photoshop, Arte &amp; Foto, Flash e mais uma dezena de ferramentas e tecnologias emergentes. Atualmente colabora com o Viablog escrevendo sobre programa\u00e7\u00e3o e tecnologia.","sameAs":["http:\/\/www.viamais.net\/blog","https:\/\/www.facebook.com\/viamais.viablog"],"url":"http:\/\/www.viamais.net\/blog\/author\/petterrafael\/"}]}},"jetpack_publicize_connections":[],"jetpack_featured_media_url":"","jetpack_shortlink":"https:\/\/wp.me\/p5Ih4c-16B","jetpack-related-posts":[{"id":8919,"url":"http:\/\/www.viamais.net\/blog\/como-comprar-na-black-friday-2018\/","url_meta":{"origin":4253,"position":0},"title":"Como comprar na Black Friday 2018","author":"Petter Rafael","date":"09\/11\/2018","format":false,"excerpt":"A maior promo\u00e7\u00e3o do e-commerce brasileiro est\u00e1 chegando. Veja como comprar na Black Friday 2018 e economize muito dinheiro. Como comprar na Black Friday 2018 Veja como comprar na Black Friday 2018 e conseguir bons descontos, economizando um bom dinheiro. Embora tenha bons descontos, temos observado v\u00e1rias lojas logrando seus\u2026","rel":"","context":"Em &quot;Clientes&quot;","block_context":{"text":"Clientes","link":"http:\/\/www.viamais.net\/blog\/category\/clientes\/"},"img":{"alt_text":"Pre\u00e7os sobem antes da Black Friday, como se precaver?","src":"https:\/\/i0.wp.com\/www.viamais.net\/blog\/wp-content\/uploads\/2012\/11\/captura_black-friday-televisor.jpg?resize=350%2C200","width":350,"height":200},"classes":[]},{"id":8002,"url":"http:\/\/www.viamais.net\/blog\/black-friday-chegando-ja-viu-os-precos\/","url_meta":{"origin":4253,"position":1},"title":"Black Friday chegando, j\u00e1 viu os pre\u00e7os?","author":"Petter Rafael","date":"21\/11\/2016","format":false,"excerpt":"A Black Friday chegando e voc\u00ea j\u00e1 fez seu check-list de produtos de interesse e tem acompanhado a evolu\u00e7\u00e3o de pre\u00e7os? Ent\u00e3o corre que ainda d\u00e1 tempo de se preparar. [ad#texto] A Black Friday chegando e o e-commerce no Brasil se movimenta a ritmo fren\u00e9tico para acertar os \u00faltimos detalhes\u2026","rel":"","context":"Em &quot;Clientes&quot;","block_context":{"text":"Clientes","link":"http:\/\/www.viamais.net\/blog\/category\/clientes\/"},"img":{"alt_text":"Black Friday chegando, j\u00e1 viu os pre\u00e7os?","src":"https:\/\/i0.wp.com\/www.viamais.net\/blog\/wp-content\/uploads\/2012\/11\/captura_black-friday-televisor.jpg?resize=350%2C200","width":350,"height":200},"classes":[]},{"id":4310,"url":"http:\/\/www.viamais.net\/blog\/o-cyber-monday\/","url_meta":{"origin":4253,"position":2},"title":"O Cyber Monday chega ao Brasil","author":"Petter Rafael","date":"25\/11\/2012","format":false,"excerpt":"[ad#texto] A Black Friday passou, compras foram feitas e compras foram perdidas, afinal por mais que os varejistas quisessem vender o aumento significativo de visitas e cliques fez com que v\u00e1rios sites de e-commerce, grandes e pequenos, sofressem panes. Mas para os clientes que perderam e que ainda precisam conseguir\u2026","rel":"","context":"Em &quot;Clientes&quot;","block_context":{"text":"Clientes","link":"http:\/\/www.viamais.net\/blog\/category\/clientes\/"},"img":{"alt_text":"","src":"","width":0,"height":0},"classes":[]},{"id":5697,"url":"http:\/\/www.viamais.net\/blog\/regulamentacao-para-a-black-friday\/","url_meta":{"origin":4253,"position":3},"title":"Regulamenta\u00e7\u00e3o para a Black Friday","author":"Petter Rafael","date":"11\/11\/2013","format":false,"excerpt":"[ad#texto] O dia da Black Friday se aproxima nos EUA, seu pa\u00eds de origem, e o comercio varejista brasileiro seguindo a tend\u00eancia tamb\u00e9m se prepara para a edi\u00e7\u00e3o brasileira, notadamente o e-commerce brasileiro, por\u00e9m para evitar maquiagem de pre\u00e7os a C\u00e2mara do Com\u00e9rcio On-Line publicou normas \u00e9ticas para reger a\u2026","rel":"","context":"Em &quot;Clientes&quot;","block_context":{"text":"Clientes","link":"http:\/\/www.viamais.net\/blog\/category\/clientes\/"},"img":{"alt_text":"","src":"","width":0,"height":0},"classes":[]},{"id":6820,"url":"http:\/\/www.viamais.net\/blog\/black-friday-demanda-cuidados\/","url_meta":{"origin":4253,"position":4},"title":"Black Friday demanda cuidados, veja nossa lista","author":"Petter Rafael","date":"19\/11\/2014","format":false,"excerpt":"A Black Friday demanda cuidados, por isso damos dicas para conseguir pre\u00e7os realmente baixos para voc\u00ea comprar mais por menos. Aproveite! [ad#texto] J\u00e1 virou febre tamb\u00e9m no Brasil e boa parte dos consumidores j\u00e1 aguarda ansiosamente a \u00faltima sexta-feira do m\u00eas de novembro, tudo porque \u00e9 nesta data que ocorre\u2026","rel":"","context":"Em &quot;Clientes&quot;","block_context":{"text":"Clientes","link":"http:\/\/www.viamais.net\/blog\/category\/clientes\/"},"img":{"alt_text":"Black Friday demanda cuidados - este \u00e9 um exemplo de maquiagem de pre\u00e7os ocorrido em 2013","src":"https:\/\/i0.wp.com\/www.viamais.net\/blog\/wp-content\/uploads\/2012\/11\/captura_black-friday-televisor-281x300.jpg?resize=350%2C200","width":350,"height":200},"classes":[]},{"id":10383,"url":"http:\/\/www.viamais.net\/blog\/precos-sobem-antes-da-black-friday-como-se-precaver\/","url_meta":{"origin":4253,"position":5},"title":"Pre\u00e7os sobem antes da Black Friday, como se precaver?","author":"Petter Rafael","date":"16\/11\/2020","format":false,"excerpt":"Pre\u00e7os sobem antes da Black Friday em v\u00e1rios e-commerces e compromete a validade desta data de compras que conquistou o consumidor no Brasil. Pre\u00e7os sobem antes da Black Friday, como se precaver? J\u00e1 faz um tempo que problemas relacionados a pre\u00e7os surgem durante a Black Friday e este ano n\u00e3o\u2026","rel":"","context":"Em &quot;Clientes&quot;","block_context":{"text":"Clientes","link":"http:\/\/www.viamais.net\/blog\/category\/clientes\/"},"img":{"alt_text":"Pre\u00e7os sobem antes da Black Friday, como se precaver?","src":"https:\/\/i0.wp.com\/www.viamais.net\/blog\/wp-content\/uploads\/2012\/11\/captura_black-friday-televisor.jpg?resize=350%2C200","width":350,"height":200},"classes":[]}],"jetpack_sharing_enabled":true,"jetpack_likes_enabled":false,"_links":{"self":[{"href":"http:\/\/www.viamais.net\/blog\/wp-json\/wp\/v2\/posts\/4253","targetHints":{"allow":["GET"]}}],"collection":[{"href":"http:\/\/www.viamais.net\/blog\/wp-json\/wp\/v2\/posts"}],"about":[{"href":"http:\/\/www.viamais.net\/blog\/wp-json\/wp\/v2\/types\/post"}],"author":[{"embeddable":true,"href":"http:\/\/www.viamais.net\/blog\/wp-json\/wp\/v2\/users\/2"}],"replies":[{"embeddable":true,"href":"http:\/\/www.viamais.net\/blog\/wp-json\/wp\/v2\/comments?post=4253"}],"version-history":[{"count":0,"href":"http:\/\/www.viamais.net\/blog\/wp-json\/wp\/v2\/posts\/4253\/revisions"}],"wp:attachment":[{"href":"http:\/\/www.viamais.net\/blog\/wp-json\/wp\/v2\/media?parent=4253"}],"wp:term":[{"taxonomy":"category","embeddable":true,"href":"http:\/\/www.viamais.net\/blog\/wp-json\/wp\/v2\/categories?post=4253"},{"taxonomy":"post_tag","embeddable":true,"href":"http:\/\/www.viamais.net\/blog\/wp-json\/wp\/v2\/tags?post=4253"}],"curies":[{"name":"wp","href":"https:\/\/api.w.org\/{rel}","templated":true}]}}