{"id":13479,"date":"2026-04-29T19:54:17","date_gmt":"2026-04-29T22:54:17","guid":{"rendered":"https:\/\/www.viamais.net\/blog\/?p=13479"},"modified":"2026-04-29T19:54:19","modified_gmt":"2026-04-29T22:54:19","slug":"recursos-nativos-de-ia-no-ubuntu-prometidos-em-2027","status":"publish","type":"post","link":"http:\/\/www.viamais.net\/blog\/recursos-nativos-de-ia-no-ubuntu-prometidos-em-2027\/","title":{"rendered":"Recursos nativos de IA no Ubuntu prometidos em  2027"},"content":{"rendered":"\n<h2 class=\"wp-block-heading\"><em>Canonical promete recursos nativos de IA no Ubuntu para o ano de 2027 sem perder a ess\u00eancia base da distribui\u00e7\u00e3o Linux.<\/em><\/h2>\n\n\n<div class=\"wp-block-image\">\n<figure class=\"aligncenter size-full is-resized\"><img data-recalc-dims=\"1\" loading=\"lazy\" decoding=\"async\" width=\"431\" height=\"334\" src=\"https:\/\/i0.wp.com\/www.viamais.net\/blog\/wp-content\/uploads\/2026\/04\/todas-novidades-Ubuntu.png?resize=431%2C334\" alt=\"Recursos nativos de IA no Ubuntu prometidos em  2027\" class=\"wp-image-13461\" style=\"aspect-ratio:1.2904327485380116;width:677px;height:auto\" srcset=\"https:\/\/i0.wp.com\/www.viamais.net\/blog\/wp-content\/uploads\/2026\/04\/todas-novidades-Ubuntu.png?w=431 431w, https:\/\/i0.wp.com\/www.viamais.net\/blog\/wp-content\/uploads\/2026\/04\/todas-novidades-Ubuntu.png?resize=300%2C232 300w\" sizes=\"auto, (max-width: 431px) 100vw, 431px\" \/><figcaption class=\"wp-element-caption\">Recursos nativos de IA no Ubuntu prometidos em  2027<\/figcaption><\/figure>\n<\/div>\n\n\n<p>A Canonical promete <strong>recursos nativos de IA no Ubuntu<\/strong> a partir do ano de 2027 sem dar detalhes do que ser\u00e1 de fato implementado.<\/p>\n\n\n\n<p>A \u00fanica promessa \u00e9 que a ess\u00eancia da distribui\u00e7\u00e3o ser\u00e1 mantida, desta forma \u00e9 de prov\u00e1vel que nada que demande cobran\u00e7as ou software propriet\u00e1rio ser\u00e1 utilizado.<\/p>\n\n\n\n<p>No momento o que mais preocupa s\u00e3o os problemas e falta de refinamento da \u00faltima vers\u00e3o e pelo jeito parece que a Canonical n\u00e3o dar\u00e1 aten\u00e7\u00e3o.<\/p>\n\n\n\n<h3 class=\"wp-block-heading\">Recursos nativos de IA no Ubuntu prometidos em  2027<\/h3>\n\n\n\n<p>Jon Seager, vice-presidente de engenharia da <a href=\"https:\/\/cse.google.com\/cse?cx=partner-pub-9129359207427847%3Arpaw8etozkx&amp;q=Canonical&amp;oq=Canonical&amp;gs_l=partner-generic.3...1898706.1898706.0.1898949.0.0.0.0.0.0.0.0..0.0.csems%2Cnrl%3D10...0....1.34.partner-generic..0.0.0.\" target=\"_blank\" rel=\"noreferrer noopener\">Canonical<\/a>, afirma que recursos de IA ser\u00e3o implementados ao Ubuntu no decorrer de 2027.<\/p>\n\n\n\n<p>Ele tamb\u00e9m afirma que a implementa\u00e7\u00e3o de recursos ocorrer\u00e1 de maneira criteriosa e progressiva, sem impactos diretos aos usu\u00e1rios.<\/p>\n\n\n\n<p>Al\u00e9m disso, ele tamb\u00e9m afirma que os novos recursos ser\u00e3o baseados em solu\u00e7\u00f5es<em> open source<\/em> e priorizar\u00e3o infer\u00eancia local (<a href=\"https:\/\/www.viamais.net\/blog\/china-falsifica-processadores-intel-de-varios-modelos\/\" type=\"post\" id=\"9989\">modelos de IA<\/a> executados diretamente no equipamento do usu\u00e1rio).<\/p>\n\n\n\n<p>Sem confirmar quais recursos de IA ser\u00e3o implementados apenas sabemos que teremos dois contextos distintos: impl\u00edcito e expl\u00edcito.<\/p>\n\n\n\n<h4 class=\"wp-block-heading\">Contexto impl\u00edcito<\/h4>\n\n\n\n<p>Esta abordagem de IA tem como objetivo aprimorar recursos j\u00e1 existentes no Ubuntu com modelos de IA atuando em background.<\/p>\n\n\n\n<p>Desta forma o usu\u00e1rio n\u00e3o ser\u00e1 impactado e o uso de IA ser\u00e1 transparente e praticamente impercept\u00edvel para o usu\u00e1rio.<\/p>\n\n\n\n<h4 class=\"wp-block-heading\">Contexto expl\u00edcito<\/h4>\n\n\n\n<p>Nesta abordagem \u00e9 evidente que o uso de modelos de IA s\u00e3o o recurso principal que ser\u00e1 utilizado pelo usu\u00e1rio.<\/p>\n\n\n\n<p>Ser\u00e1 o caso de tarefas de automa\u00e7\u00e3o inteligente de tarefas ou ainda suporte ativo a tarefas repetidas que demandariam aten\u00e7\u00e3o direta do usu\u00e1rio do sistema.<\/p>\n\n\n\n<p>Embora o uso consciente de IA em sistemas ser\u00e1 o futuro certo o ideal seria que o excesso de bugs e falta de polimento da atual vers\u00e3o fosse tratado.<\/p>\n\n\n\n<p>Por no ritmo que est\u00e1, a cada nova vers\u00e3o aumenta-se a complexidade e recursos aumentando os bugs e inconsist\u00eancias sist\u00eamicas sem sanar os j\u00e1 existentes.<\/p>\n","protected":false},"excerpt":{"rendered":"<p>Canonical promete recursos nativos de IA no Ubuntu para o ano de 2027 sem perder<\/p>\n","protected":false},"author":8,"featured_media":8531,"comment_status":"open","ping_status":"open","sticky":false,"template":"","format":"standard","meta":{"jetpack_post_was_ever_published":false,"_jetpack_newsletter_access":"","_jetpack_dont_email_post_to_subs":false,"_jetpack_newsletter_tier_id":0,"_jetpack_memberships_contains_paywalled_content":false,"_jetpack_memberships_contains_paid_content":false,"footnotes":"","jetpack_publicize_message":"","jetpack_publicize_feature_enabled":true,"jetpack_social_post_already_shared":true,"jetpack_social_options":{"image_generator_settings":{"template":"highway","default_image_id":0,"font":"","enabled":false},"version":2}},"categories":[7],"tags":[65,72,18],"class_list":["post-13479","post","type-post","status-publish","format-standard","has-post-thumbnail","hentry","category-linux","tag-linux","tag-novidades","tag-ubuntu"],"yoast_head":"<!-- This site is optimized with the Yoast SEO plugin v27.5 - https:\/\/yoast.com\/product\/yoast-seo-wordpress\/ -->\n<title>Recursos nativos de IA no Ubuntu prometidos em 2027 -<\/title>\n<meta name=\"description\" content=\"Canonical promete recursos nativos de IA no Ubuntu para o ano de 2027 sem perder a ess\u00eancia base da distribui\u00e7\u00e3o Linux.\" \/>\n<meta name=\"robots\" content=\"index, follow, max-snippet:-1, max-image-preview:large, max-video-preview:-1\" \/>\n<link rel=\"canonical\" href=\"https:\/\/www.viamais.net\/blog\/recursos-nativos-de-ia-no-ubuntu-prometidos-em-2027\/\" \/>\n<meta property=\"og:locale\" content=\"pt_BR\" \/>\n<meta property=\"og:type\" content=\"article\" \/>\n<meta property=\"og:title\" content=\"Recursos nativos de IA no Ubuntu prometidos em 2027 -\" \/>\n<meta property=\"og:description\" content=\"Canonical promete recursos nativos de IA no Ubuntu para o ano de 2027 sem perder a ess\u00eancia base da distribui\u00e7\u00e3o Linux.\" \/>\n<meta property=\"og:url\" content=\"https:\/\/www.viamais.net\/blog\/recursos-nativos-de-ia-no-ubuntu-prometidos-em-2027\/\" \/>\n<meta property=\"og:site_name\" content=\"ViamaisBLOG\" \/>\n<meta property=\"article:publisher\" content=\"https:\/\/www.facebook.com\/viamais.viablog\" \/>\n<meta property=\"article:author\" content=\"https:\/\/www.facebook.com\/viamais.viablog\" \/>\n<meta property=\"article:published_time\" content=\"2026-04-29T22:54:17+00:00\" \/>\n<meta property=\"article:modified_time\" content=\"2026-04-29T22:54:19+00:00\" \/>\n<meta property=\"og:image\" content=\"http:\/\/www.viamais.net\/blog\/wp-content\/uploads\/2017\/11\/ubuntu-rodando-no-galaxy-note-8-e-realidade.jpg\" \/>\n\t<meta property=\"og:image:width\" content=\"980\" \/>\n\t<meta property=\"og:image:height\" content=\"620\" \/>\n\t<meta property=\"og:image:type\" content=\"image\/jpeg\" \/>\n<meta name=\"author\" content=\"matrix\" \/>\n<meta name=\"twitter:card\" content=\"summary_large_image\" \/>\n<meta name=\"twitter:creator\" content=\"@petterrafael\" \/>\n<meta name=\"twitter:site\" content=\"@petterrafael\" \/>\n<meta name=\"twitter:label1\" content=\"Escrito por\" \/>\n\t<meta name=\"twitter:data1\" content=\"matrix\" \/>\n\t<meta name=\"twitter:label2\" content=\"Est. tempo de leitura\" \/>\n\t<meta name=\"twitter:data2\" content=\"3 minutos\" \/>\n<script type=\"application\/ld+json\" class=\"yoast-schema-graph\">{\"@context\":\"https:\\\/\\\/schema.org\",\"@graph\":[{\"@type\":\"Article\",\"@id\":\"https:\\\/\\\/www.viamais.net\\\/blog\\\/recursos-nativos-de-ia-no-ubuntu-prometidos-em-2027\\\/#article\",\"isPartOf\":{\"@id\":\"https:\\\/\\\/www.viamais.net\\\/blog\\\/recursos-nativos-de-ia-no-ubuntu-prometidos-em-2027\\\/\"},\"author\":{\"name\":\"matrix\",\"@id\":\"https:\\\/\\\/www.viamais.net\\\/blog\\\/#\\\/schema\\\/person\\\/02c2d67d9c46756aa641c3b8502d7ca1\"},\"headline\":\"Recursos nativos de IA no Ubuntu prometidos em 2027\",\"datePublished\":\"2026-04-29T22:54:17+00:00\",\"dateModified\":\"2026-04-29T22:54:19+00:00\",\"mainEntityOfPage\":{\"@id\":\"https:\\\/\\\/www.viamais.net\\\/blog\\\/recursos-nativos-de-ia-no-ubuntu-prometidos-em-2027\\\/\"},\"wordCount\":383,\"commentCount\":0,\"publisher\":{\"@id\":\"https:\\\/\\\/www.viamais.net\\\/blog\\\/#organization\"},\"image\":{\"@id\":\"https:\\\/\\\/www.viamais.net\\\/blog\\\/recursos-nativos-de-ia-no-ubuntu-prometidos-em-2027\\\/#primaryimage\"},\"thumbnailUrl\":\"https:\\\/\\\/i0.wp.com\\\/www.viamais.net\\\/blog\\\/wp-content\\\/uploads\\\/2017\\\/11\\\/ubuntu-rodando-no-galaxy-note-8-e-realidade.jpg?fit=980%2C620\",\"keywords\":[\"Linux\",\"Novidades\",\"ubuntu\"],\"articleSection\":[\"Linux\"],\"inLanguage\":\"pt-BR\",\"potentialAction\":[{\"@type\":\"CommentAction\",\"name\":\"Comment\",\"target\":[\"https:\\\/\\\/www.viamais.net\\\/blog\\\/recursos-nativos-de-ia-no-ubuntu-prometidos-em-2027\\\/#respond\"]}]},{\"@type\":\"WebPage\",\"@id\":\"https:\\\/\\\/www.viamais.net\\\/blog\\\/recursos-nativos-de-ia-no-ubuntu-prometidos-em-2027\\\/\",\"url\":\"https:\\\/\\\/www.viamais.net\\\/blog\\\/recursos-nativos-de-ia-no-ubuntu-prometidos-em-2027\\\/\",\"name\":\"Recursos nativos de IA no Ubuntu prometidos em 2027 -\",\"isPartOf\":{\"@id\":\"https:\\\/\\\/www.viamais.net\\\/blog\\\/#website\"},\"primaryImageOfPage\":{\"@id\":\"https:\\\/\\\/www.viamais.net\\\/blog\\\/recursos-nativos-de-ia-no-ubuntu-prometidos-em-2027\\\/#primaryimage\"},\"image\":{\"@id\":\"https:\\\/\\\/www.viamais.net\\\/blog\\\/recursos-nativos-de-ia-no-ubuntu-prometidos-em-2027\\\/#primaryimage\"},\"thumbnailUrl\":\"https:\\\/\\\/i0.wp.com\\\/www.viamais.net\\\/blog\\\/wp-content\\\/uploads\\\/2017\\\/11\\\/ubuntu-rodando-no-galaxy-note-8-e-realidade.jpg?fit=980%2C620\",\"datePublished\":\"2026-04-29T22:54:17+00:00\",\"dateModified\":\"2026-04-29T22:54:19+00:00\",\"description\":\"Canonical promete recursos nativos de IA no Ubuntu para o ano de 2027 sem perder a ess\u00eancia base da distribui\u00e7\u00e3o Linux.\",\"breadcrumb\":{\"@id\":\"https:\\\/\\\/www.viamais.net\\\/blog\\\/recursos-nativos-de-ia-no-ubuntu-prometidos-em-2027\\\/#breadcrumb\"},\"inLanguage\":\"pt-BR\",\"potentialAction\":[{\"@type\":\"ReadAction\",\"target\":[\"https:\\\/\\\/www.viamais.net\\\/blog\\\/recursos-nativos-de-ia-no-ubuntu-prometidos-em-2027\\\/\"]}]},{\"@type\":\"ImageObject\",\"inLanguage\":\"pt-BR\",\"@id\":\"https:\\\/\\\/www.viamais.net\\\/blog\\\/recursos-nativos-de-ia-no-ubuntu-prometidos-em-2027\\\/#primaryimage\",\"url\":\"https:\\\/\\\/i0.wp.com\\\/www.viamais.net\\\/blog\\\/wp-content\\\/uploads\\\/2017\\\/11\\\/ubuntu-rodando-no-galaxy-note-8-e-realidade.jpg?fit=980%2C620\",\"contentUrl\":\"https:\\\/\\\/i0.wp.com\\\/www.viamais.net\\\/blog\\\/wp-content\\\/uploads\\\/2017\\\/11\\\/ubuntu-rodando-no-galaxy-note-8-e-realidade.jpg?fit=980%2C620\",\"width\":980,\"height\":620,\"caption\":\"Bug no Windows bloqueia acesso a disco em notebooks Samsung\"},{\"@type\":\"BreadcrumbList\",\"@id\":\"https:\\\/\\\/www.viamais.net\\\/blog\\\/recursos-nativos-de-ia-no-ubuntu-prometidos-em-2027\\\/#breadcrumb\",\"itemListElement\":[{\"@type\":\"ListItem\",\"position\":1,\"name\":\"In\u00edcio\",\"item\":\"https:\\\/\\\/www.viamais.net\\\/blog\\\/\"},{\"@type\":\"ListItem\",\"position\":2,\"name\":\"Linux\",\"item\":\"https:\\\/\\\/www.viamais.net\\\/blog\\\/category\\\/linux\\\/\"},{\"@type\":\"ListItem\",\"position\":3,\"name\":\"Recursos nativos de IA no Ubuntu prometidos em 2027\"}]},{\"@type\":\"WebSite\",\"@id\":\"https:\\\/\\\/www.viamais.net\\\/blog\\\/#website\",\"url\":\"https:\\\/\\\/www.viamais.net\\\/blog\\\/\",\"name\":\"ViamaisBLOG\",\"description\":\"Blog de tecnologia com dicas para melhorar sua internet e as novidades de gadgets e aplicativos.\",\"publisher\":{\"@id\":\"https:\\\/\\\/www.viamais.net\\\/blog\\\/#organization\"},\"potentialAction\":[{\"@type\":\"SearchAction\",\"target\":{\"@type\":\"EntryPoint\",\"urlTemplate\":\"https:\\\/\\\/www.viamais.net\\\/blog\\\/?s={search_term_string}\"},\"query-input\":{\"@type\":\"PropertyValueSpecification\",\"valueRequired\":true,\"valueName\":\"search_term_string\"}}],\"inLanguage\":\"pt-BR\"},{\"@type\":\"Organization\",\"@id\":\"https:\\\/\\\/www.viamais.net\\\/blog\\\/#organization\",\"name\":\"Viablog\",\"url\":\"https:\\\/\\\/www.viamais.net\\\/blog\\\/\",\"logo\":{\"@type\":\"ImageObject\",\"inLanguage\":\"pt-BR\",\"@id\":\"https:\\\/\\\/www.viamais.net\\\/blog\\\/#\\\/schema\\\/logo\\\/image\\\/\",\"url\":\"https:\\\/\\\/i0.wp.com\\\/www.viamais.net\\\/blog\\\/wp-content\\\/uploads\\\/2014\\\/10\\\/logo_viamais.png?fit=150%2C150&ssl=1\",\"contentUrl\":\"https:\\\/\\\/i0.wp.com\\\/www.viamais.net\\\/blog\\\/wp-content\\\/uploads\\\/2014\\\/10\\\/logo_viamais.png?fit=150%2C150&ssl=1\",\"width\":150,\"height\":150,\"caption\":\"Viablog\"},\"image\":{\"@id\":\"https:\\\/\\\/www.viamais.net\\\/blog\\\/#\\\/schema\\\/logo\\\/image\\\/\"},\"sameAs\":[\"https:\\\/\\\/www.facebook.com\\\/viamais.viablog\",\"https:\\\/\\\/x.com\\\/petterrafael\"]},{\"@type\":\"Person\",\"@id\":\"https:\\\/\\\/www.viamais.net\\\/blog\\\/#\\\/schema\\\/person\\\/02c2d67d9c46756aa641c3b8502d7ca1\",\"name\":\"matrix\",\"image\":{\"@type\":\"ImageObject\",\"inLanguage\":\"pt-BR\",\"@id\":\"https:\\\/\\\/secure.gravatar.com\\\/avatar\\\/058fb543d51b73df744b160a94e9f046ad8b0f23c93e460e2b09f502f44320ea?s=96&d=identicon&r=g\",\"url\":\"https:\\\/\\\/secure.gravatar.com\\\/avatar\\\/058fb543d51b73df744b160a94e9f046ad8b0f23c93e460e2b09f502f44320ea?s=96&d=identicon&r=g\",\"contentUrl\":\"https:\\\/\\\/secure.gravatar.com\\\/avatar\\\/058fb543d51b73df744b160a94e9f046ad8b0f23c93e460e2b09f502f44320ea?s=96&d=identicon&r=g\",\"caption\":\"matrix\"},\"sameAs\":[\"http:\\\/\\\/www.viamais.net\\\/blog\",\"https:\\\/\\\/www.facebook.com\\\/viamais.viablog\"],\"url\":\"http:\\\/\\\/www.viamais.net\\\/blog\\\/author\\\/matrix-programmer\\\/\"}]}<\/script>\n<!-- \/ Yoast SEO plugin. -->","yoast_head_json":{"title":"Recursos nativos de IA no Ubuntu prometidos em 2027 -","description":"Canonical promete recursos nativos de IA no Ubuntu para o ano de 2027 sem perder a ess\u00eancia base da distribui\u00e7\u00e3o Linux.","robots":{"index":"index","follow":"follow","max-snippet":"max-snippet:-1","max-image-preview":"max-image-preview:large","max-video-preview":"max-video-preview:-1"},"canonical":"https:\/\/www.viamais.net\/blog\/recursos-nativos-de-ia-no-ubuntu-prometidos-em-2027\/","og_locale":"pt_BR","og_type":"article","og_title":"Recursos nativos de IA no Ubuntu prometidos em 2027 -","og_description":"Canonical promete recursos nativos de IA no Ubuntu para o ano de 2027 sem perder a ess\u00eancia base da distribui\u00e7\u00e3o Linux.","og_url":"https:\/\/www.viamais.net\/blog\/recursos-nativos-de-ia-no-ubuntu-prometidos-em-2027\/","og_site_name":"ViamaisBLOG","article_publisher":"https:\/\/www.facebook.com\/viamais.viablog","article_author":"https:\/\/www.facebook.com\/viamais.viablog","article_published_time":"2026-04-29T22:54:17+00:00","article_modified_time":"2026-04-29T22:54:19+00:00","og_image":[{"width":980,"height":620,"url":"http:\/\/www.viamais.net\/blog\/wp-content\/uploads\/2017\/11\/ubuntu-rodando-no-galaxy-note-8-e-realidade.jpg","type":"image\/jpeg"}],"author":"matrix","twitter_card":"summary_large_image","twitter_creator":"@petterrafael","twitter_site":"@petterrafael","twitter_misc":{"Escrito por":"matrix","Est. tempo de leitura":"3 minutos"},"schema":{"@context":"https:\/\/schema.org","@graph":[{"@type":"Article","@id":"https:\/\/www.viamais.net\/blog\/recursos-nativos-de-ia-no-ubuntu-prometidos-em-2027\/#article","isPartOf":{"@id":"https:\/\/www.viamais.net\/blog\/recursos-nativos-de-ia-no-ubuntu-prometidos-em-2027\/"},"author":{"name":"matrix","@id":"https:\/\/www.viamais.net\/blog\/#\/schema\/person\/02c2d67d9c46756aa641c3b8502d7ca1"},"headline":"Recursos nativos de IA no Ubuntu prometidos em 2027","datePublished":"2026-04-29T22:54:17+00:00","dateModified":"2026-04-29T22:54:19+00:00","mainEntityOfPage":{"@id":"https:\/\/www.viamais.net\/blog\/recursos-nativos-de-ia-no-ubuntu-prometidos-em-2027\/"},"wordCount":383,"commentCount":0,"publisher":{"@id":"https:\/\/www.viamais.net\/blog\/#organization"},"image":{"@id":"https:\/\/www.viamais.net\/blog\/recursos-nativos-de-ia-no-ubuntu-prometidos-em-2027\/#primaryimage"},"thumbnailUrl":"https:\/\/i0.wp.com\/www.viamais.net\/blog\/wp-content\/uploads\/2017\/11\/ubuntu-rodando-no-galaxy-note-8-e-realidade.jpg?fit=980%2C620","keywords":["Linux","Novidades","ubuntu"],"articleSection":["Linux"],"inLanguage":"pt-BR","potentialAction":[{"@type":"CommentAction","name":"Comment","target":["https:\/\/www.viamais.net\/blog\/recursos-nativos-de-ia-no-ubuntu-prometidos-em-2027\/#respond"]}]},{"@type":"WebPage","@id":"https:\/\/www.viamais.net\/blog\/recursos-nativos-de-ia-no-ubuntu-prometidos-em-2027\/","url":"https:\/\/www.viamais.net\/blog\/recursos-nativos-de-ia-no-ubuntu-prometidos-em-2027\/","name":"Recursos nativos de IA no Ubuntu prometidos em 2027 -","isPartOf":{"@id":"https:\/\/www.viamais.net\/blog\/#website"},"primaryImageOfPage":{"@id":"https:\/\/www.viamais.net\/blog\/recursos-nativos-de-ia-no-ubuntu-prometidos-em-2027\/#primaryimage"},"image":{"@id":"https:\/\/www.viamais.net\/blog\/recursos-nativos-de-ia-no-ubuntu-prometidos-em-2027\/#primaryimage"},"thumbnailUrl":"https:\/\/i0.wp.com\/www.viamais.net\/blog\/wp-content\/uploads\/2017\/11\/ubuntu-rodando-no-galaxy-note-8-e-realidade.jpg?fit=980%2C620","datePublished":"2026-04-29T22:54:17+00:00","dateModified":"2026-04-29T22:54:19+00:00","description":"Canonical promete recursos nativos de IA no Ubuntu para o ano de 2027 sem perder a ess\u00eancia base da distribui\u00e7\u00e3o Linux.","breadcrumb":{"@id":"https:\/\/www.viamais.net\/blog\/recursos-nativos-de-ia-no-ubuntu-prometidos-em-2027\/#breadcrumb"},"inLanguage":"pt-BR","potentialAction":[{"@type":"ReadAction","target":["https:\/\/www.viamais.net\/blog\/recursos-nativos-de-ia-no-ubuntu-prometidos-em-2027\/"]}]},{"@type":"ImageObject","inLanguage":"pt-BR","@id":"https:\/\/www.viamais.net\/blog\/recursos-nativos-de-ia-no-ubuntu-prometidos-em-2027\/#primaryimage","url":"https:\/\/i0.wp.com\/www.viamais.net\/blog\/wp-content\/uploads\/2017\/11\/ubuntu-rodando-no-galaxy-note-8-e-realidade.jpg?fit=980%2C620","contentUrl":"https:\/\/i0.wp.com\/www.viamais.net\/blog\/wp-content\/uploads\/2017\/11\/ubuntu-rodando-no-galaxy-note-8-e-realidade.jpg?fit=980%2C620","width":980,"height":620,"caption":"Bug no Windows bloqueia acesso a disco em notebooks Samsung"},{"@type":"BreadcrumbList","@id":"https:\/\/www.viamais.net\/blog\/recursos-nativos-de-ia-no-ubuntu-prometidos-em-2027\/#breadcrumb","itemListElement":[{"@type":"ListItem","position":1,"name":"In\u00edcio","item":"https:\/\/www.viamais.net\/blog\/"},{"@type":"ListItem","position":2,"name":"Linux","item":"https:\/\/www.viamais.net\/blog\/category\/linux\/"},{"@type":"ListItem","position":3,"name":"Recursos nativos de IA no Ubuntu prometidos em 2027"}]},{"@type":"WebSite","@id":"https:\/\/www.viamais.net\/blog\/#website","url":"https:\/\/www.viamais.net\/blog\/","name":"ViamaisBLOG","description":"Blog de tecnologia com dicas para melhorar sua internet e as novidades de gadgets e aplicativos.","publisher":{"@id":"https:\/\/www.viamais.net\/blog\/#organization"},"potentialAction":[{"@type":"SearchAction","target":{"@type":"EntryPoint","urlTemplate":"https:\/\/www.viamais.net\/blog\/?s={search_term_string}"},"query-input":{"@type":"PropertyValueSpecification","valueRequired":true,"valueName":"search_term_string"}}],"inLanguage":"pt-BR"},{"@type":"Organization","@id":"https:\/\/www.viamais.net\/blog\/#organization","name":"Viablog","url":"https:\/\/www.viamais.net\/blog\/","logo":{"@type":"ImageObject","inLanguage":"pt-BR","@id":"https:\/\/www.viamais.net\/blog\/#\/schema\/logo\/image\/","url":"https:\/\/i0.wp.com\/www.viamais.net\/blog\/wp-content\/uploads\/2014\/10\/logo_viamais.png?fit=150%2C150&ssl=1","contentUrl":"https:\/\/i0.wp.com\/www.viamais.net\/blog\/wp-content\/uploads\/2014\/10\/logo_viamais.png?fit=150%2C150&ssl=1","width":150,"height":150,"caption":"Viablog"},"image":{"@id":"https:\/\/www.viamais.net\/blog\/#\/schema\/logo\/image\/"},"sameAs":["https:\/\/www.facebook.com\/viamais.viablog","https:\/\/x.com\/petterrafael"]},{"@type":"Person","@id":"https:\/\/www.viamais.net\/blog\/#\/schema\/person\/02c2d67d9c46756aa641c3b8502d7ca1","name":"matrix","image":{"@type":"ImageObject","inLanguage":"pt-BR","@id":"https:\/\/secure.gravatar.com\/avatar\/058fb543d51b73df744b160a94e9f046ad8b0f23c93e460e2b09f502f44320ea?s=96&d=identicon&r=g","url":"https:\/\/secure.gravatar.com\/avatar\/058fb543d51b73df744b160a94e9f046ad8b0f23c93e460e2b09f502f44320ea?s=96&d=identicon&r=g","contentUrl":"https:\/\/secure.gravatar.com\/avatar\/058fb543d51b73df744b160a94e9f046ad8b0f23c93e460e2b09f502f44320ea?s=96&d=identicon&r=g","caption":"matrix"},"sameAs":["http:\/\/www.viamais.net\/blog","https:\/\/www.facebook.com\/viamais.viablog"],"url":"http:\/\/www.viamais.net\/blog\/author\/matrix-programmer\/"}]}},"jetpack_publicize_connections":[],"jetpack_featured_media_url":"https:\/\/i0.wp.com\/www.viamais.net\/blog\/wp-content\/uploads\/2017\/11\/ubuntu-rodando-no-galaxy-note-8-e-realidade.jpg?fit=980%2C620","jetpack_shortlink":"https:\/\/wp.me\/p5Ih4c-3vp","jetpack-related-posts":[{"id":5811,"url":"http:\/\/www.viamais.net\/blog\/smartphones-com-ubuntu-touch-somente-para-2015\/","url_meta":{"origin":13479,"position":0},"title":"Smartphones com Ubuntu Touch somente para 2015","author":"Petter Rafael","date":"16\/01\/2014","format":false,"excerpt":"[ad#texto] Para aqueles que apostaram suas fichas nos smartphones com o Ubuntu Touch fica a esperan\u00e7a que pelo menos em 2015 os primeiros smartphones com o Ubuntu Touch surjam. O fato \u00e9 que a Canonical tem dois grandes desafios pela frente para um lan\u00e7amento bem sucedido, o primeiro \u00e9 encontrar\u2026","rel":"","context":"Em &quot;Novidades&quot;","block_context":{"text":"Novidades","link":"http:\/\/www.viamais.net\/blog\/category\/novidades\/"},"img":{"alt_text":"Interface do Ubuntu Touch","src":"https:\/\/i0.wp.com\/www.viamais.net\/blog\/wp-content\/uploads\/2014\/01\/ubuntu_touch-300x249.jpg?resize=350%2C200","width":350,"height":200},"classes":[]},{"id":3615,"url":"http:\/\/www.viamais.net\/blog\/ubuntu-no-seu-android\/","url_meta":{"origin":13479,"position":1},"title":"Ubuntu no seu Android","author":"Petter Rafael","date":"08\/05\/2012","format":false,"excerpt":"[ad#texto] Saiu um v\u00eddeo que demonstra um projeto j\u00e1 iniciado pela Canonical, a de executar o Ubuntu em um smartphone Android. Esse projeto existe, j\u00e1 est\u00e1 em fase adiantada de desenvolvimento (podemos ver isso pelo v\u00eddeo) e a promessa da Canonical \u00e9 que o Ubuntu para Android seja lan\u00e7ado ainda\u2026","rel":"","context":"Em &quot;Android&quot;","block_context":{"text":"Android","link":"http:\/\/www.viamais.net\/blog\/category\/android\/"},"img":{"alt_text":"","src":"","width":0,"height":0},"classes":[]},{"id":4462,"url":"http:\/\/www.viamais.net\/blog\/canonical-anuncia-o-ubuntu-mobile\/","url_meta":{"origin":13479,"position":2},"title":"Canonical anuncia o Ubuntu Mobile","author":"Petter Rafael","date":"04\/01\/2013","format":false,"excerpt":"[ad#texto] Novidades vindas da Canonical v\u00e3o aquecer ainda mais o mercado de smartphones, pois segundo a pr\u00f3pria Canonical, estar\u00e1 dispon\u00edvel a vers\u00e3o mobile do Ubuntu. O Ubuntu mobile ter\u00e1 uma interface preparada para smartphones e se basear\u00e1 em duas grandes novidades, a primeira \u00e9 referente aos smartphones de entrada, pois\u2026","rel":"","context":"Em &quot;Linux&quot;","block_context":{"text":"Linux","link":"http:\/\/www.viamais.net\/blog\/category\/linux\/"},"img":{"alt_text":"","src":"","width":0,"height":0},"classes":[]},{"id":4598,"url":"http:\/\/www.viamais.net\/blog\/novidades-sobre-o-ubuntu-mobile\/","url_meta":{"origin":13479,"position":3},"title":"Novidades sobre o Ubuntu mobile","author":"Petter Rafael","date":"26\/01\/2013","format":false,"excerpt":"[ad#texto] Recentemente a Canonical anunciou a vers\u00e3o mobile do Ubuntu, como \u00e9 comum no meio corporativo, o anuncio foi guardado segredo absoluto, afinal um concorrente poderia surgir e antecipar o que o Ubuntu mobile teria de bom minando todo o trabalho da Canonical. Mas a comunidade do Ubuntu criticou e\u2026","rel":"","context":"Em &quot;Linux&quot;","block_context":{"text":"Linux","link":"http:\/\/www.viamais.net\/blog\/category\/linux\/"},"img":{"alt_text":"Seria esta a interface do Ubuntu mobile?","src":"https:\/\/i0.wp.com\/www.viamais.net\/blog\/wp-content\/uploads\/2013\/01\/ume_ui_big_icons_green_kw-300x180.jpg?resize=350%2C200","width":350,"height":200},"classes":[]},{"id":1805,"url":"http:\/\/www.viamais.net\/blog\/briga-entre-canonical-e-google\/","url_meta":{"origin":13479,"position":4},"title":"Briga entre Canonical e Google?","author":"matrix","date":"28\/01\/2010","format":false,"excerpt":"O mercado de TI no mundo tem se agitado bastante, e em mais um cap\u00edtulo foi a vez da Canonical que mant\u00e9m o Ubuntu anunciar que o Google deixar\u00e1 de ser o motor de busca padr\u00e3o do sistema operacional e dar\u00e1 lugar ao motor de busca do Yahoo. Certamente essa\u2026","rel":"","context":"Em &quot;Linux&quot;","block_context":{"text":"Linux","link":"http:\/\/www.viamais.net\/blog\/category\/linux\/"},"img":{"alt_text":"","src":"","width":0,"height":0},"classes":[]},{"id":4651,"url":"http:\/\/www.viamais.net\/blog\/as-buscas-e-a-privacidade-no-ubuntu\/","url_meta":{"origin":13479,"position":5},"title":"As buscas e a privacidade no Ubuntu","author":"Petter Rafael","date":"05\/02\/2013","format":false,"excerpt":"[ad#texto] Desde que a busca do Ubuntu se tornou integrada ao Unity muitos veteranos do Linux e os preocupados com privacidade on-line fizeram duras cr\u00edticas contra esta atitude da Canonical, pois os dados pessoais dos usu\u00e1rios que eram coletados para refinar as buscas poderiam ser vendidos ou pior, roubados. Agora\u2026","rel":"","context":"Em &quot;Linux&quot;","block_context":{"text":"Linux","link":"http:\/\/www.viamais.net\/blog\/category\/linux\/"},"img":{"alt_text":"Ubuntu 13.04","src":"https:\/\/i0.wp.com\/www.viamais.net\/blog\/wp-content\/uploads\/2013\/02\/Ubuntu-13-04-Daily-ISO-Images-Are-Now-Available-300x164.jpg?resize=350%2C200","width":350,"height":200},"classes":[]}],"jetpack_sharing_enabled":true,"jetpack_likes_enabled":false,"_links":{"self":[{"href":"http:\/\/www.viamais.net\/blog\/wp-json\/wp\/v2\/posts\/13479","targetHints":{"allow":["GET"]}}],"collection":[{"href":"http:\/\/www.viamais.net\/blog\/wp-json\/wp\/v2\/posts"}],"about":[{"href":"http:\/\/www.viamais.net\/blog\/wp-json\/wp\/v2\/types\/post"}],"author":[{"embeddable":true,"href":"http:\/\/www.viamais.net\/blog\/wp-json\/wp\/v2\/users\/8"}],"replies":[{"embeddable":true,"href":"http:\/\/www.viamais.net\/blog\/wp-json\/wp\/v2\/comments?post=13479"}],"version-history":[{"count":1,"href":"http:\/\/www.viamais.net\/blog\/wp-json\/wp\/v2\/posts\/13479\/revisions"}],"predecessor-version":[{"id":13480,"href":"http:\/\/www.viamais.net\/blog\/wp-json\/wp\/v2\/posts\/13479\/revisions\/13480"}],"wp:featuredmedia":[{"embeddable":true,"href":"http:\/\/www.viamais.net\/blog\/wp-json\/wp\/v2\/media\/8531"}],"wp:attachment":[{"href":"http:\/\/www.viamais.net\/blog\/wp-json\/wp\/v2\/media?parent=13479"}],"wp:term":[{"taxonomy":"category","embeddable":true,"href":"http:\/\/www.viamais.net\/blog\/wp-json\/wp\/v2\/categories?post=13479"},{"taxonomy":"post_tag","embeddable":true,"href":"http:\/\/www.viamais.net\/blog\/wp-json\/wp\/v2\/tags?post=13479"}],"curies":[{"name":"wp","href":"https:\/\/api.w.org\/{rel}","templated":true}]}}